{"id":11288,"date":"2019-01-21T20:00:29","date_gmt":"2019-01-21T20:00:29","guid":{"rendered":"https:\/\/premiergroup.ca\/?p=11288"},"modified":"2022-02-01T05:37:45","modified_gmt":"2022-02-01T05:37:45","slug":"lannee-2019-sera-marquee-par-notre-30eme-anniversaire","status":"publish","type":"post","link":"https:\/\/premiergroup.ca\/fr\/lannee-2019-sera-marquee-par-notre-30eme-anniversaire\/","title":{"rendered":"Premier Canada f\u00eate son 30\u00e8me anniversaire"},"content":{"rendered":"<p><strong style=\"font-size: 20pt\">L\u2019Ann\u00e9e 2019 sera marqu\u00e9e par notre 30\u00e8me anniversaire!<\/strong><\/p>\n<p><em>Cher Partenaire,<\/em><\/p>\n<p><img decoding=\"async\" class=\"alignright\" src=\"https:\/\/premiergroup.ca\/assets\/PremierCanadaAssurance_Logo_R.png\" alt=\"\" width=\"382\" height=\"72\"><em>Premier Group commence maintenant sa 30<sup>\u00e8me<\/sup> ann\u00e9e en affaire. Au fil de toutes ces ann\u00e9es nous avons eu une croissance spectaculaire autant au niveau des produits offerts qu\u2019au niveau de notre volume ainsi que du nombre d\u2019employ\u00e9s.<\/em><\/p>\n<p><em>L\u2019ann\u00e9e 2018 fut d\u00e9finitivement une ann\u00e9e de changement et de nouveaut\u00e9 ; commen\u00e7ant par la nomination d\u2019une nouvelle pr\u00e9sidente, Mo Kaur, par l\u2019embauche de nouveaux employ\u00e9s-cl\u00e9s dans tous nos bureaux au Canada- London, Toronto, Vancouver, Laval&nbsp; et aux \u00c9tats-Unis \u2013 San Diego, Maryland, Seattle et Santa Rosa. Nous avons aussi ouvert une autre succursale en Ontario (Cambridge) et d\u00e9m\u00e9nag\u00e9 dans un tout nouveau bureau \u00e0 Toronto.<\/em><\/p>\n<p><em>Notre syst\u00e8me en ligne, Presto, a vu sa liste de produits offerts se bonifier pour ainsi vous permettre de r\u00e9pondre plus efficacement au besoin de vos clients.<\/em><\/p>\n<p><em>Nous sommes tr\u00e8s reconnaissants envers nos courtiers et partenaires de ce support continu qui nous a permis d\u2019\u00eatre, \u00e0 ce jour, la plus large et surtout la plus stable Agence de Souscription ind\u00e9pendante du Canada. <\/em><\/p>\n<p><em>Merci beaucoup de ce support pendant toutes ces ann\u00e9es. Merci de la part de tous les employ\u00e9s du Canada et des \u00c9tats-Unis !<\/em><\/p>\n<p><em>Visitez notre site internet pour prendre connaissance de ce que Premier peut faire pour vous maintenant.<\/em><\/p>\n<p><strong><em><a href=\"http:\/\/www.premiergroup.ca\">www.premiergroup.ca<\/a><\/em><\/strong><\/p>\n<p><em>Mo Kaur,<br \/>\n<\/em><em>Pr\u00e9sidente et Chef des Op\u00e9rations.<\/em><\/p>\n","protected":false},"excerpt":{"rendered":"<p>L\u2019Ann\u00e9e 2019 sera marqu\u00e9e par notre 30\u00e8me anniversaire! Cher Partenaire, Premier Group commence maintenant sa 30\u00e8me ann\u00e9e en affaire. Au fil de toutes ces ann\u00e9es nous avons eu une croissance spectaculaire autant au niveau des produits offerts qu\u2019au niveau de &hellip; <a href=\"https:\/\/premiergroup.ca\/fr\/lannee-2019-sera-marquee-par-notre-30eme-anniversaire\/\">Suite<\/a><\/p>\n","protected":false},"author":52,"featured_media":0,"comment_status":"closed","ping_status":"closed","sticky":false,"template":"","format":"standard","meta":{"_acf_changed":false,"footnotes":""},"categories":[102],"tags":[],"class_list":["post-11288","post","type-post","status-publish","format-standard","hentry","category-company-bulletin-fr"],"acf":[],"yoast_head":"<!-- This site is optimized with the Yoast SEO plugin v26.0 - https:\/\/yoast.com\/wordpress\/plugins\/seo\/ -->\n<title>Premier Canada f\u00eate son 30\u00e8me anniversaire<\/title>\n<meta name=\"robots\" content=\"index, follow, max-snippet:-1, max-image-preview:large, max-video-preview:-1\" \/>\n<link rel=\"canonical\" href=\"https:\/\/premiergroup.ca\/fr\/lannee-2019-sera-marquee-par-notre-30eme-anniversaire\/\" \/>\n<meta property=\"og:locale\" content=\"fr_FR\" \/>\n<meta property=\"og:type\" content=\"article\" \/>\n<meta property=\"og:title\" content=\"Premier Canada f\u00eate son 30\u00e8me anniversaire\" \/>\n<meta property=\"og:description\" content=\"L\u2019Ann\u00e9e 2019 sera marqu\u00e9e par notre 30\u00e8me anniversaire! Cher Partenaire, Premier Group commence maintenant sa 30\u00e8me ann\u00e9e en affaire. Au fil de toutes ces ann\u00e9es nous avons eu une croissance spectaculaire autant au niveau des produits offerts qu\u2019au niveau de &hellip; Suite\" \/>\n<meta property=\"og:url\" content=\"https:\/\/premiergroup.ca\/fr\/lannee-2019-sera-marquee-par-notre-30eme-anniversaire\/\" \/>\n<meta property=\"og:site_name\" content=\"Premier\" \/>\n<meta property=\"article:published_time\" content=\"2019-01-21T20:00:29+00:00\" \/>\n<meta property=\"article:modified_time\" content=\"2022-02-01T05:37:45+00:00\" \/>\n<meta property=\"og:image\" content=\"https:\/\/premiergroup.ca\/assets\/PremierCanadaAssurance_Logo_R.png\" \/>\n<meta name=\"author\" content=\"peiyan\" \/>\n<meta name=\"twitter:label1\" content=\"\u00c9crit par\" \/>\n\t<meta name=\"twitter:data1\" content=\"peiyan\" \/>\n\t<meta name=\"twitter:label2\" content=\"Dur\u00e9e de lecture estim\u00e9e\" \/>\n\t<meta name=\"twitter:data2\" content=\"1 minute\" \/>\n<script type=\"application\/ld+json\" class=\"yoast-schema-graph\">{\"@context\":\"https:\/\/schema.org\",\"@graph\":[{\"@type\":\"WebPage\",\"@id\":\"https:\/\/premiergroup.ca\/fr\/lannee-2019-sera-marquee-par-notre-30eme-anniversaire\/\",\"url\":\"https:\/\/premiergroup.ca\/fr\/lannee-2019-sera-marquee-par-notre-30eme-anniversaire\/\",\"name\":\"Premier Canada f\u00eate son 30\u00e8me anniversaire\",\"isPartOf\":{\"@id\":\"https:\/\/premiergroup.ca\/fr\/#website\"},\"primaryImageOfPage\":{\"@id\":\"https:\/\/premiergroup.ca\/fr\/lannee-2019-sera-marquee-par-notre-30eme-anniversaire\/#primaryimage\"},\"image\":{\"@id\":\"https:\/\/premiergroup.ca\/fr\/lannee-2019-sera-marquee-par-notre-30eme-anniversaire\/#primaryimage\"},\"thumbnailUrl\":\"https:\/\/premiergroup.ca\/assets\/PremierCanadaAssurance_Logo_R.png\",\"datePublished\":\"2019-01-21T20:00:29+00:00\",\"dateModified\":\"2022-02-01T05:37:45+00:00\",\"author\":{\"@id\":\"https:\/\/premiergroup.ca\/fr\/#\/schema\/person\/8576e157b1b6f997e7eec10f81fb1f65\"},\"breadcrumb\":{\"@id\":\"https:\/\/premiergroup.ca\/fr\/lannee-2019-sera-marquee-par-notre-30eme-anniversaire\/#breadcrumb\"},\"inLanguage\":\"fr-FR\",\"potentialAction\":[{\"@type\":\"ReadAction\",\"target\":[\"https:\/\/premiergroup.ca\/fr\/lannee-2019-sera-marquee-par-notre-30eme-anniversaire\/\"]}]},{\"@type\":\"ImageObject\",\"inLanguage\":\"fr-FR\",\"@id\":\"https:\/\/premiergroup.ca\/fr\/lannee-2019-sera-marquee-par-notre-30eme-anniversaire\/#primaryimage\",\"url\":\"https:\/\/premiergroup.ca\/assets\/PremierCanadaAssurance_Logo_R.png\",\"contentUrl\":\"https:\/\/premiergroup.ca\/assets\/PremierCanadaAssurance_Logo_R.png\"},{\"@type\":\"BreadcrumbList\",\"@id\":\"https:\/\/premiergroup.ca\/fr\/lannee-2019-sera-marquee-par-notre-30eme-anniversaire\/#breadcrumb\",\"itemListElement\":[{\"@type\":\"ListItem\",\"position\":1,\"name\":\"Home\",\"item\":\"https:\/\/premiergroup.ca\/fr\/\"},{\"@type\":\"ListItem\",\"position\":2,\"name\":\"Company Bulletin\",\"item\":\"https:\/\/premiergroup.ca\/fr\/company-bulletin-fr\/\"},{\"@type\":\"ListItem\",\"position\":3,\"name\":\"Premier Canada f\u00eate son 30\u00e8me anniversaire\"}]},{\"@type\":\"WebSite\",\"@id\":\"https:\/\/premiergroup.ca\/fr\/#website\",\"url\":\"https:\/\/premiergroup.ca\/fr\/\",\"name\":\"Premier\",\"description\":\"think Premier...for all your Specialty needs.\",\"potentialAction\":[{\"@type\":\"SearchAction\",\"target\":{\"@type\":\"EntryPoint\",\"urlTemplate\":\"https:\/\/premiergroup.ca\/fr\/?s={search_term_string}\"},\"query-input\":{\"@type\":\"PropertyValueSpecification\",\"valueRequired\":true,\"valueName\":\"search_term_string\"}}],\"inLanguage\":\"fr-FR\"},{\"@type\":\"Person\",\"@id\":\"https:\/\/premiergroup.ca\/fr\/#\/schema\/person\/8576e157b1b6f997e7eec10f81fb1f65\",\"name\":\"peiyan\",\"image\":{\"@type\":\"ImageObject\",\"inLanguage\":\"fr-FR\",\"@id\":\"https:\/\/premiergroup.ca\/fr\/#\/schema\/person\/image\/\",\"url\":\"https:\/\/secure.gravatar.com\/avatar\/afed0485ac4e731dc16d21270f12467a0008c39e56f55b32372cb6b11718e1f0?s=96&d=mm&r=g\",\"contentUrl\":\"https:\/\/secure.gravatar.com\/avatar\/afed0485ac4e731dc16d21270f12467a0008c39e56f55b32372cb6b11718e1f0?s=96&d=mm&r=g\",\"caption\":\"peiyan\"},\"sameAs\":[\"https:\/\/premiergroup.ca\"]}]}<\/script>\n<!-- \/ Yoast SEO plugin. -->","yoast_head_json":{"title":"Premier Canada f\u00eate son 30\u00e8me anniversaire","robots":{"index":"index","follow":"follow","max-snippet":"max-snippet:-1","max-image-preview":"max-image-preview:large","max-video-preview":"max-video-preview:-1"},"canonical":"https:\/\/premiergroup.ca\/fr\/lannee-2019-sera-marquee-par-notre-30eme-anniversaire\/","og_locale":"fr_FR","og_type":"article","og_title":"Premier Canada f\u00eate son 30\u00e8me anniversaire","og_description":"L\u2019Ann\u00e9e 2019 sera marqu\u00e9e par notre 30\u00e8me anniversaire! Cher Partenaire, Premier Group commence maintenant sa 30\u00e8me ann\u00e9e en affaire. Au fil de toutes ces ann\u00e9es nous avons eu une croissance spectaculaire autant au niveau des produits offerts qu\u2019au niveau de &hellip; Suite","og_url":"https:\/\/premiergroup.ca\/fr\/lannee-2019-sera-marquee-par-notre-30eme-anniversaire\/","og_site_name":"Premier","article_published_time":"2019-01-21T20:00:29+00:00","article_modified_time":"2022-02-01T05:37:45+00:00","og_image":[{"url":"https:\/\/premiergroup.ca\/assets\/PremierCanadaAssurance_Logo_R.png","type":"","width":"","height":""}],"author":"peiyan","twitter_misc":{"\u00c9crit par":"peiyan","Dur\u00e9e de lecture estim\u00e9e":"1 minute"},"schema":{"@context":"https:\/\/schema.org","@graph":[{"@type":"WebPage","@id":"https:\/\/premiergroup.ca\/fr\/lannee-2019-sera-marquee-par-notre-30eme-anniversaire\/","url":"https:\/\/premiergroup.ca\/fr\/lannee-2019-sera-marquee-par-notre-30eme-anniversaire\/","name":"Premier Canada f\u00eate son 30\u00e8me anniversaire","isPartOf":{"@id":"https:\/\/premiergroup.ca\/fr\/#website"},"primaryImageOfPage":{"@id":"https:\/\/premiergroup.ca\/fr\/lannee-2019-sera-marquee-par-notre-30eme-anniversaire\/#primaryimage"},"image":{"@id":"https:\/\/premiergroup.ca\/fr\/lannee-2019-sera-marquee-par-notre-30eme-anniversaire\/#primaryimage"},"thumbnailUrl":"https:\/\/premiergroup.ca\/assets\/PremierCanadaAssurance_Logo_R.png","datePublished":"2019-01-21T20:00:29+00:00","dateModified":"2022-02-01T05:37:45+00:00","author":{"@id":"https:\/\/premiergroup.ca\/fr\/#\/schema\/person\/8576e157b1b6f997e7eec10f81fb1f65"},"breadcrumb":{"@id":"https:\/\/premiergroup.ca\/fr\/lannee-2019-sera-marquee-par-notre-30eme-anniversaire\/#breadcrumb"},"inLanguage":"fr-FR","potentialAction":[{"@type":"ReadAction","target":["https:\/\/premiergroup.ca\/fr\/lannee-2019-sera-marquee-par-notre-30eme-anniversaire\/"]}]},{"@type":"ImageObject","inLanguage":"fr-FR","@id":"https:\/\/premiergroup.ca\/fr\/lannee-2019-sera-marquee-par-notre-30eme-anniversaire\/#primaryimage","url":"https:\/\/premiergroup.ca\/assets\/PremierCanadaAssurance_Logo_R.png","contentUrl":"https:\/\/premiergroup.ca\/assets\/PremierCanadaAssurance_Logo_R.png"},{"@type":"BreadcrumbList","@id":"https:\/\/premiergroup.ca\/fr\/lannee-2019-sera-marquee-par-notre-30eme-anniversaire\/#breadcrumb","itemListElement":[{"@type":"ListItem","position":1,"name":"Home","item":"https:\/\/premiergroup.ca\/fr\/"},{"@type":"ListItem","position":2,"name":"Company Bulletin","item":"https:\/\/premiergroup.ca\/fr\/company-bulletin-fr\/"},{"@type":"ListItem","position":3,"name":"Premier Canada f\u00eate son 30\u00e8me anniversaire"}]},{"@type":"WebSite","@id":"https:\/\/premiergroup.ca\/fr\/#website","url":"https:\/\/premiergroup.ca\/fr\/","name":"Premier","description":"think Premier...for all your Specialty needs.","potentialAction":[{"@type":"SearchAction","target":{"@type":"EntryPoint","urlTemplate":"https:\/\/premiergroup.ca\/fr\/?s={search_term_string}"},"query-input":{"@type":"PropertyValueSpecification","valueRequired":true,"valueName":"search_term_string"}}],"inLanguage":"fr-FR"},{"@type":"Person","@id":"https:\/\/premiergroup.ca\/fr\/#\/schema\/person\/8576e157b1b6f997e7eec10f81fb1f65","name":"peiyan","image":{"@type":"ImageObject","inLanguage":"fr-FR","@id":"https:\/\/premiergroup.ca\/fr\/#\/schema\/person\/image\/","url":"https:\/\/secure.gravatar.com\/avatar\/afed0485ac4e731dc16d21270f12467a0008c39e56f55b32372cb6b11718e1f0?s=96&d=mm&r=g","contentUrl":"https:\/\/secure.gravatar.com\/avatar\/afed0485ac4e731dc16d21270f12467a0008c39e56f55b32372cb6b11718e1f0?s=96&d=mm&r=g","caption":"peiyan"},"sameAs":["https:\/\/premiergroup.ca"]}]}},"_links":{"self":[{"href":"https:\/\/premiergroup.ca\/fr\/wp-json\/wp\/v2\/posts\/11288","targetHints":{"allow":["GET"]}}],"collection":[{"href":"https:\/\/premiergroup.ca\/fr\/wp-json\/wp\/v2\/posts"}],"about":[{"href":"https:\/\/premiergroup.ca\/fr\/wp-json\/wp\/v2\/types\/post"}],"author":[{"embeddable":true,"href":"https:\/\/premiergroup.ca\/fr\/wp-json\/wp\/v2\/users\/52"}],"replies":[{"embeddable":true,"href":"https:\/\/premiergroup.ca\/fr\/wp-json\/wp\/v2\/comments?post=11288"}],"version-history":[{"count":0,"href":"https:\/\/premiergroup.ca\/fr\/wp-json\/wp\/v2\/posts\/11288\/revisions"}],"wp:attachment":[{"href":"https:\/\/premiergroup.ca\/fr\/wp-json\/wp\/v2\/media?parent=11288"}],"wp:term":[{"taxonomy":"category","embeddable":true,"href":"https:\/\/premiergroup.ca\/fr\/wp-json\/wp\/v2\/categories?post=11288"},{"taxonomy":"post_tag","embeddable":true,"href":"https:\/\/premiergroup.ca\/fr\/wp-json\/wp\/v2\/tags?post=11288"}],"curies":[{"name":"wp","href":"https:\/\/api.w.org\/{rel}","templated":true}]}}